{"id":6693,"date":"2019-06-05T07:30:09","date_gmt":"2019-06-05T06:30:09","guid":{"rendered":"http:\/\/vrteckonjice.splet.arnes.si\/?p=6693"},"modified":"2019-06-05T07:30:09","modified_gmt":"2019-06-05T06:30:09","slug":"dan-vrtca-slovenskih-konjic","status":"publish","type":"post","link":"https:\/\/vrteckonjice.splet.arnes.si\/?p=6693","title":{"rendered":"Dan vrtca Slovenskih Konjic"},"content":{"rendered":"<p>[et_pb_section bb_built=&#8221;1&#8243; admin_label=&#8221;section&#8221;][et_pb_row admin_label=&#8221;row&#8221;][et_pb_column type=&#8221;4_4&#8243;][et_pb_text admin_label=&#8221;Text&#8221;]<\/p>\n<p>V \u0160pitali\u010du dogaja <span class=\"_5mfr\"><span class=\"_6qdm\">\ud83d\ude0a<\/span><\/span>!<br \/>\nDan Vrtca Slovenske Konjice smo praznovali na poseben na\u010din <span class=\"_5mfr\"><span class=\"_6qdm\">\ud83d\ude09<\/span><\/span>.<br \/>\nV goste smo povabili VDC, enota Slovenske Konjice, Lambrechtov dom in skupino otrok iz \u017di\u010d.<br \/>\nBilo nas je ogromno in prav toliko je bilo tudi dobrega po\u010dutja! Najprej smo malce pokramljali, nato pa odpravili: ena skupina v gozd, druga pa na igri\u0161\u010de. Najlep\u0161a hvala Alpski \u0161oli za razgibavanje <span class=\"_47e3 _5mfr\" title=\"\u010dustveni simbol smile\"><img loading=\"lazy\" decoding=\"async\" class=\"img\" src=\"https:\/\/static.xx.fbcdn.net\/images\/emoji.php\/v9\/t4c\/1\/16\/1f642.png\" alt=\"\" width=\"16\" height=\"16\" \/><span class=\"_7oe\">\ud83d\ude42<\/span><\/span>!<br \/>\nFotografije bodo povedale ve\u010d kot 1000 besed <span class=\"_5mfr\"><span class=\"_6qdm\">\ud83e\udd17<\/span><\/span><span class=\"_5mfr\"><span class=\"_6qdm\">\u2764<\/span><\/span><span class=\"_5mfr\"><span class=\"_6qdm\">\ud83d\ude0a<\/span><\/span>&#8230;<\/p>\n<p>[\/et_pb_text][et_pb_gallery admin_label=&#8221;Gallery&#8221; gallery_ids=&#8221;6695,6697,6699,6701,6703,6705,6707,6709,6711,6713,6715,6717,6719,6721,6723&#8243; fullwidth=&#8221;off&#8221; orientation=&#8221;landscape&#8221; show_title_and_caption=&#8221;off&#8221; show_pagination=&#8221;off&#8221; background_layout=&#8221;light&#8221; auto=&#8221;off&#8221; hover_overlay_color=&#8221;rgba(145,145,145,0.9)&#8221; use_border_color=&#8221;off&#8221; border_color=&#8221;#ffffff&#8221; border_style=&#8221;solid&#8221; \/][\/et_pb_column][\/et_pb_row][\/et_pb_section]<\/p>\n","protected":false},"excerpt":{"rendered":"<p>V \u0160pitali\u010du dogaja \ud83d\ude0a! Dan Vrtca Slovenske Konjice smo praznovali na poseben na\u010din \ud83d\ude09. V goste smo povabili VDC, enota Slovenske Konjice, Lambrechtov dom in skupino otrok iz \u017di\u010d. Bilo nas je ogromno in prav toliko je bilo tudi dobrega po\u010dutja! Najprej smo malce pokramljali, nato pa odpravili: ena skupina v gozd, druga pa na [&hellip;]<\/p>\n","protected":false},"author":33573,"featured_media":0,"comment_status":"closed","ping_status":"open","sticky":false,"template":"","format":"standard","meta":{"_et_pb_use_builder":"on","_et_pb_old_content":"<p>V \u0160pitali\u010du dogaja <span class=\"_5mfr\"><span class=\"_6qdm\">\ud83d\ude0a<\/span><\/span>!<br \/> Dan Vrtca Slovenske Konjice smo praznovali na poseben na\u010din <span class=\"_5mfr\"><span class=\"_6qdm\">\ud83d\ude09<\/span><\/span>.<br \/> V goste smo povabili VDC, enota Slovenske Konjice, Lambrechtov dom in skupino otrok iz \u017di\u010d.<br \/> Bilo nas je ogromno in prav toliko je bilo tudi dobrega po\u010dutja! Najprej smo malce pokramljali, nato pa odpravili: ena skupina v gozd, druga pa na igri\u0161\u010de. Najlep\u0161a hvala Alpski \u0161oli za razgibavanje <span class=\"_47e3 _5mfr\" title=\"\u010dustveni simbol smile\"><img class=\"img\" src=\"https:\/\/static.xx.fbcdn.net\/images\/emoji.php\/v9\/t4c\/1\/16\/1f642.png\" alt=\"\" width=\"16\" height=\"16\" \/><span class=\"_7oe\">:)<\/span><\/span>!<br \/> Fotografije bodo povedale ve\u010d kot 1000 besed <span class=\"_5mfr\"><span class=\"_6qdm\">\ud83e\udd17<\/span><\/span><span class=\"_5mfr\"><span class=\"_6qdm\">\u2764<\/span><\/span><span class=\"_5mfr\"><span class=\"_6qdm\">\ud83d\ude0a<\/span><\/span>...<\/p>","_et_gb_content_width":"","ngg_post_thumbnail":0,"footnotes":""},"categories":[1],"tags":[],"class_list":["post-6693","post","type-post","status-publish","format-standard","hentry","category-nekategorizirano"],"_links":{"self":[{"href":"https:\/\/vrteckonjice.splet.arnes.si\/index.php?rest_route=\/wp\/v2\/posts\/6693","targetHints":{"allow":["GET"]}}],"collection":[{"href":"https:\/\/vrteckonjice.splet.arnes.si\/index.php?rest_route=\/wp\/v2\/posts"}],"about":[{"href":"https:\/\/vrteckonjice.splet.arnes.si\/index.php?rest_route=\/wp\/v2\/types\/post"}],"author":[{"embeddable":true,"href":"https:\/\/vrteckonjice.splet.arnes.si\/index.php?rest_route=\/wp\/v2\/users\/33573"}],"replies":[{"embeddable":true,"href":"https:\/\/vrteckonjice.splet.arnes.si\/index.php?rest_route=%2Fwp%2Fv2%2Fcomments&post=6693"}],"version-history":[{"count":1,"href":"https:\/\/vrteckonjice.splet.arnes.si\/index.php?rest_route=\/wp\/v2\/posts\/6693\/revisions"}],"predecessor-version":[{"id":6725,"href":"https:\/\/vrteckonjice.splet.arnes.si\/index.php?rest_route=\/wp\/v2\/posts\/6693\/revisions\/6725"}],"wp:attachment":[{"href":"https:\/\/vrteckonjice.splet.arnes.si\/index.php?rest_route=%2Fwp%2Fv2%2Fmedia&parent=6693"}],"wp:term":[{"taxonomy":"category","embeddable":true,"href":"https:\/\/vrteckonjice.splet.arnes.si\/index.php?rest_route=%2Fwp%2Fv2%2Fcategories&post=6693"},{"taxonomy":"post_tag","embeddable":true,"href":"https:\/\/vrteckonjice.splet.arnes.si\/index.php?rest_route=%2Fwp%2Fv2%2Ftags&post=6693"}],"curies":[{"name":"wp","href":"https:\/\/api.w.org\/{rel}","templated":true}]}}