{"id":6785,"date":"2019-06-18T14:37:20","date_gmt":"2019-06-18T13:37:20","guid":{"rendered":"http:\/\/vrteckonjice.splet.arnes.si\/?p=6785"},"modified":"2019-06-18T14:37:20","modified_gmt":"2019-06-18T13:37:20","slug":"urejanje-medgeneracijskih-gredic","status":"publish","type":"post","link":"https:\/\/vrteckonjice.splet.arnes.si\/?p=6785","title":{"rendered":"Urejanje medgeneracijskih gredic"},"content":{"rendered":"<p>[et_pb_section bb_built=&#8221;1&#8243; admin_label=&#8221;section&#8221;][et_pb_row admin_label=&#8221;row&#8221;][et_pb_column type=&#8221;4_4&#8243;][et_pb_text admin_label=&#8221;Text&#8221;]<\/p>\n<p>Danes smo majhni in veliki ustvarjali medgeneracijski vrt <span class=\"_5mfr\"><span class=\"_6qdm\">\ud83c\udf3c<\/span><\/span><span class=\"_5mfr\"><span class=\"_6qdm\">\ud83c\udf38<\/span><\/span><br \/>\nPo opravljenemu delu, smo si, kot so to v\u010dasih znali, zaigrali na kitaro in prepevali, privos\u010dili pa smo si tudi najbolj\u0161o limonado na\u0161ih kuharic in kuharja Vrtca Slovenske Konjice.<\/p>\n<p>Ustvarili smo \u010dudovit medegneracijski trenutek in prav vsi smo se strinjali, da si takih trenutkov \u017eelimo \u0161e ve\u010d in, da se zopet spet kmalu vidimo <span class=\"_5mfr\"><span class=\"_6qdm\">\ud83c\udf1e<\/span><\/span><\/p>\n<div class=\"text_exposed_show\">\n<p>Hvala vsem <span class=\"_5mfr\"><span class=\"_6qdm\">\ud83e\udd17<\/span><\/span><\/p>\n<p>Lambrechtov dom in Vrtec Slovenske Konjice <span class=\"_5mfr\"><span class=\"_6qdm\">\ud83d\ude0a<\/span><\/span><\/p>\n<\/div>\n<p>[\/et_pb_text][et_pb_gallery admin_label=&#8221;Gallery&#8221; gallery_ids=&#8221;6787,6789,6791,6793,6795,6797,6799,6801,6803,6805,6807,6809,6811,6813,6815&#8243; fullwidth=&#8221;off&#8221; orientation=&#8221;landscape&#8221; show_title_and_caption=&#8221;off&#8221; show_pagination=&#8221;off&#8221; background_layout=&#8221;light&#8221; auto=&#8221;off&#8221; hover_overlay_color=&#8221;rgba(145,145,145,0.9)&#8221; use_border_color=&#8221;off&#8221; border_color=&#8221;#ffffff&#8221; border_style=&#8221;solid&#8221; \/][\/et_pb_column][\/et_pb_row][\/et_pb_section]<\/p>\n","protected":false},"excerpt":{"rendered":"<p>Danes smo majhni in veliki ustvarjali medgeneracijski vrt \ud83c\udf3c\ud83c\udf38 Po opravljenemu delu, smo si, kot so to v\u010dasih znali, zaigrali na kitaro in prepevali, privos\u010dili pa smo si tudi najbolj\u0161o limonado na\u0161ih kuharic in kuharja Vrtca Slovenske Konjice. Ustvarili smo \u010dudovit medegneracijski trenutek in prav vsi smo se strinjali, da si takih trenutkov \u017eelimo \u0161e [&hellip;]<\/p>\n","protected":false},"author":33573,"featured_media":0,"comment_status":"closed","ping_status":"open","sticky":false,"template":"","format":"standard","meta":{"_et_pb_use_builder":"on","_et_pb_old_content":"<p>Danes smo majhni in veliki ustvarjali medgeneracijski vrt <span class=\"_5mfr\"><span class=\"_6qdm\">\ud83c\udf3c<\/span><\/span><span class=\"_5mfr\"><span class=\"_6qdm\">\ud83c\udf38<\/span><\/span><br \/> Po opravljenemu delu, smo si, kot so to v\u010dasih znali, zaigrali na kitaro in prepevali, privos\u010dili pa smo si tudi najbolj\u0161o limonado na\u0161ih kuharic in kuharja Vrtca Slovenske Konjice.<\/p><p>Ustvarili smo \u010dudovit medegneracijski trenutek in prav vsi smo se strinjali, da si takih trenutkov \u017eelimo \u0161e ve\u010d in, da se zopet spet kmalu vidimo <span class=\"_5mfr\"><span class=\"_6qdm\">\ud83c\udf1e<\/span><\/span><\/p><div class=\"text_exposed_show\"><p>Hvala vsem <span class=\"_5mfr\"><span class=\"_6qdm\">\ud83e\udd17<\/span><\/span><\/p><p>Lambrechtov dom in Vrtec Slovenske Konjice <span class=\"_5mfr\"><span class=\"_6qdm\">\ud83d\ude0a<\/span><\/span><\/p><\/div>","_et_gb_content_width":"","ngg_post_thumbnail":0,"footnotes":""},"categories":[11],"tags":[],"class_list":["post-6785","post","type-post","status-publish","format-standard","hentry","category-dogodki"],"_links":{"self":[{"href":"https:\/\/vrteckonjice.splet.arnes.si\/index.php?rest_route=\/wp\/v2\/posts\/6785","targetHints":{"allow":["GET"]}}],"collection":[{"href":"https:\/\/vrteckonjice.splet.arnes.si\/index.php?rest_route=\/wp\/v2\/posts"}],"about":[{"href":"https:\/\/vrteckonjice.splet.arnes.si\/index.php?rest_route=\/wp\/v2\/types\/post"}],"author":[{"embeddable":true,"href":"https:\/\/vrteckonjice.splet.arnes.si\/index.php?rest_route=\/wp\/v2\/users\/33573"}],"replies":[{"embeddable":true,"href":"https:\/\/vrteckonjice.splet.arnes.si\/index.php?rest_route=%2Fwp%2Fv2%2Fcomments&post=6785"}],"version-history":[{"count":1,"href":"https:\/\/vrteckonjice.splet.arnes.si\/index.php?rest_route=\/wp\/v2\/posts\/6785\/revisions"}],"predecessor-version":[{"id":6817,"href":"https:\/\/vrteckonjice.splet.arnes.si\/index.php?rest_route=\/wp\/v2\/posts\/6785\/revisions\/6817"}],"wp:attachment":[{"href":"https:\/\/vrteckonjice.splet.arnes.si\/index.php?rest_route=%2Fwp%2Fv2%2Fmedia&parent=6785"}],"wp:term":[{"taxonomy":"category","embeddable":true,"href":"https:\/\/vrteckonjice.splet.arnes.si\/index.php?rest_route=%2Fwp%2Fv2%2Fcategories&post=6785"},{"taxonomy":"post_tag","embeddable":true,"href":"https:\/\/vrteckonjice.splet.arnes.si\/index.php?rest_route=%2Fwp%2Fv2%2Ftags&post=6785"}],"curies":[{"name":"wp","href":"https:\/\/api.w.org\/{rel}","templated":true}]}}