{"id":6945,"date":"2019-07-02T08:31:47","date_gmt":"2019-07-02T07:31:47","guid":{"rendered":"http:\/\/vrteckonjice.splet.arnes.si\/?p=6945"},"modified":"2019-07-02T08:31:47","modified_gmt":"2019-07-02T07:31:47","slug":"spanje-na-seniku","status":"publish","type":"post","link":"https:\/\/vrteckonjice.splet.arnes.si\/?p=6945","title":{"rendered":"SPANJE NA SENIKU"},"content":{"rendered":"<p>[et_pb_section bb_built=&#8221;1&#8243; admin_label=&#8221;section&#8221;][et_pb_row admin_label=&#8221;row&#8221;][et_pb_column type=&#8221;4_4&#8243;][et_pb_text admin_label=&#8221;Text&#8221;]<\/p>\n<p>O\u0160 Pod Goro, podru\u017enica \u0160PITALI\u010c, ima mo\u017enosti in kvalitete, ki jih danes te\u017eko najdemo. U\u010denci in otroci iz vrtca imajo med drugim mo\u017enost izkusiti spanje na seniku! Hvala sr\u010dnima u\u010diteljicama, Kristi in Valentini!<\/p>\n<p>[\/et_pb_text][et_pb_gallery admin_label=&#8221;Gallery&#8221; gallery_ids=&#8221;6947,6949,6951&#8243; fullwidth=&#8221;off&#8221; orientation=&#8221;landscape&#8221; show_title_and_caption=&#8221;off&#8221; show_pagination=&#8221;off&#8221; background_layout=&#8221;light&#8221; auto=&#8221;off&#8221; hover_overlay_color=&#8221;rgba(145,145,145,0.9)&#8221; use_border_color=&#8221;off&#8221; border_color=&#8221;#ffffff&#8221; border_style=&#8221;solid&#8221; \/][\/et_pb_column][\/et_pb_row][\/et_pb_section]<\/p>\n","protected":false},"excerpt":{"rendered":"<p>O\u0160 Pod Goro, podru\u017enica \u0160PITALI\u010c, ima mo\u017enosti in kvalitete, ki jih danes te\u017eko najdemo. U\u010denci in otroci iz vrtca imajo med drugim mo\u017enost izkusiti spanje na seniku! Hvala sr\u010dnima u\u010diteljicama, Kristi in Valentini!<\/p>\n","protected":false},"author":33573,"featured_media":0,"comment_status":"closed","ping_status":"open","sticky":false,"template":"","format":"standard","meta":{"_et_pb_use_builder":"on","_et_pb_old_content":"<p>O\u0160 Pod Goro, podru\u017enica \u0160PITALI\u010c, ima mo\u017enosti in kvalitete, ki jih danes te\u017eko najdemo. U\u010denci in otroci iz vrtca imajo med drugim mo\u017enost izkusiti spanje na seniku! Hvala sr\u010dnima u\u010diteljicama, Kristi in Valentini!<\/p>","_et_gb_content_width":"","ngg_post_thumbnail":0,"footnotes":""},"categories":[1],"tags":[],"class_list":["post-6945","post","type-post","status-publish","format-standard","hentry","category-nekategorizirano"],"_links":{"self":[{"href":"https:\/\/vrteckonjice.splet.arnes.si\/index.php?rest_route=\/wp\/v2\/posts\/6945","targetHints":{"allow":["GET"]}}],"collection":[{"href":"https:\/\/vrteckonjice.splet.arnes.si\/index.php?rest_route=\/wp\/v2\/posts"}],"about":[{"href":"https:\/\/vrteckonjice.splet.arnes.si\/index.php?rest_route=\/wp\/v2\/types\/post"}],"author":[{"embeddable":true,"href":"https:\/\/vrteckonjice.splet.arnes.si\/index.php?rest_route=\/wp\/v2\/users\/33573"}],"replies":[{"embeddable":true,"href":"https:\/\/vrteckonjice.splet.arnes.si\/index.php?rest_route=%2Fwp%2Fv2%2Fcomments&post=6945"}],"version-history":[{"count":1,"href":"https:\/\/vrteckonjice.splet.arnes.si\/index.php?rest_route=\/wp\/v2\/posts\/6945\/revisions"}],"predecessor-version":[{"id":6953,"href":"https:\/\/vrteckonjice.splet.arnes.si\/index.php?rest_route=\/wp\/v2\/posts\/6945\/revisions\/6953"}],"wp:attachment":[{"href":"https:\/\/vrteckonjice.splet.arnes.si\/index.php?rest_route=%2Fwp%2Fv2%2Fmedia&parent=6945"}],"wp:term":[{"taxonomy":"category","embeddable":true,"href":"https:\/\/vrteckonjice.splet.arnes.si\/index.php?rest_route=%2Fwp%2Fv2%2Fcategories&post=6945"},{"taxonomy":"post_tag","embeddable":true,"href":"https:\/\/vrteckonjice.splet.arnes.si\/index.php?rest_route=%2Fwp%2Fv2%2Ftags&post=6945"}],"curies":[{"name":"wp","href":"https:\/\/api.w.org\/{rel}","templated":true}]}}