{"id":7397,"date":"2019-09-30T12:16:49","date_gmt":"2019-09-30T11:16:49","guid":{"rendered":"http:\/\/vrteckonjice.splet.arnes.si\/?p=7397"},"modified":"2019-09-30T12:16:49","modified_gmt":"2019-09-30T11:16:49","slug":"izobrazevanje-za-pedagoske-delavce","status":"publish","type":"post","link":"https:\/\/vrteckonjice.splet.arnes.si\/?p=7397","title":{"rendered":"Izobra\u017eevanje za pedago\u0161ke delavce"},"content":{"rendered":"<p>[et_pb_section bb_built=&#8221;1&#8243; admin_label=&#8221;section&#8221;][et_pb_row admin_label=&#8221;row&#8221;][et_pb_column type=&#8221;4_4&#8243;][et_pb_text admin_label=&#8221;Text&#8221;]<\/p>\n<div id=\"js_53x\" class=\"_5pbx userContent _3576\">\n<p>Nadaljujemo z izobra\u017eevanjem za pedago\u0161ke delavce. 4.sre\u010danje je bilo ponovno v Stranicah, ponovno v de\u017eju <span class=\"_5mfr\"><span class=\"_6qdm\">\ud83c\udf27<\/span><\/span><span class=\"_5mfr\"><span class=\"_6qdm\">\u2602\ufe0f<\/span><\/span> <span class=\"_5mfr\"><span class=\"_6qdm\">\ud83d\ude0a<\/span><\/span>, kjer smo si med drugim ogledali in do\u017eiveli u\u010dilnico na prostem, pri izviru <span class=\"_5mfr\"><span class=\"_6qdm\">\ud83d\udca6<\/span><\/span>.<br \/>\nIzobra\u017eevanje se bli\u017ea koncu, do\u017eivetja na na\u0161ih lokacijah pa se \u0161ele za\u010denjajo.<\/p>\n<p>Prvo predstavitev u\u010dilnice na prostem lahko do\u017eivite v \u0160pitali\u010du, v \u010detrtek, 10.10.2019, med 9. In 12.uro.<br \/>\nVabljeni<span class=\"_5mfr\"><span class=\"_6qdm\">\ud83e\udd17<\/span><\/span>!<\/p>\n<\/div>\n<p>[\/et_pb_text][et_pb_gallery admin_label=&#8221;Gallery&#8221; gallery_ids=&#8221;7399,7401,7403,7405,7407&#8243; fullwidth=&#8221;off&#8221; orientation=&#8221;landscape&#8221; show_title_and_caption=&#8221;off&#8221; show_pagination=&#8221;off&#8221; background_layout=&#8221;light&#8221; auto=&#8221;off&#8221; hover_overlay_color=&#8221;rgba(145,145,145,0.9)&#8221; use_border_color=&#8221;off&#8221; border_color=&#8221;#ffffff&#8221; border_style=&#8221;solid&#8221; \/][\/et_pb_column][\/et_pb_row][\/et_pb_section]<\/p>\n","protected":false},"excerpt":{"rendered":"<p>Nadaljujemo z izobra\u017eevanjem za pedago\u0161ke delavce. 4.sre\u010danje je bilo ponovno v Stranicah, ponovno v de\u017eju \ud83c\udf27\u2602\ufe0f \ud83d\ude0a, kjer smo si med drugim ogledali in do\u017eiveli u\u010dilnico na prostem, pri izviru \ud83d\udca6. Izobra\u017eevanje se bli\u017ea koncu, do\u017eivetja na na\u0161ih lokacijah pa se \u0161ele za\u010denjajo. Prvo predstavitev u\u010dilnice na prostem lahko do\u017eivite v \u0160pitali\u010du, v \u010detrtek, 10.10.2019, [&hellip;]<\/p>\n","protected":false},"author":33573,"featured_media":0,"comment_status":"closed","ping_status":"open","sticky":false,"template":"","format":"standard","meta":{"_et_pb_use_builder":"on","_et_pb_old_content":"<div id=\"js_53x\" class=\"_5pbx userContent _3576\" data-testid=\"post_message\" data-ft=\"{&quot;tn&quot;:&quot;K&quot;}\"><p>Nadaljujemo z izobra\u017eevanjem za pedago\u0161ke delavce. 4.sre\u010danje je bilo ponovno v Stranicah, ponovno v de\u017eju <span class=\"_5mfr\"><span class=\"_6qdm\">\ud83c\udf27<\/span><\/span><span class=\"_5mfr\"><span class=\"_6qdm\">\u2602\ufe0f<\/span><\/span> <span class=\"_5mfr\"><span class=\"_6qdm\">\ud83d\ude0a<\/span><\/span>, kjer smo si med drugim ogledali in do\u017eiveli u\u010dilnico na prostem, pri izviru <span class=\"_5mfr\"><span class=\"_6qdm\">\ud83d\udca6<\/span><\/span>.<br \/> Izobra\u017eevanje se bli\u017ea koncu, do\u017eivetja na na\u0161ih lokacijah pa se \u0161ele za\u010denjajo.<\/p><p>Prvo predstavitev u\u010dilnice na prostem lahko do\u017eivite v \u0160pitali\u010du, v \u010detrtek, 10.10.2019, med 9. In 12.uro.<br \/> Vabljeni<span class=\"_5mfr\"><span class=\"_6qdm\">\ud83e\udd17<\/span><\/span>!<\/p><\/div>","_et_gb_content_width":"","ngg_post_thumbnail":0,"footnotes":""},"categories":[1],"tags":[],"class_list":["post-7397","post","type-post","status-publish","format-standard","hentry","category-nekategorizirano"],"_links":{"self":[{"href":"https:\/\/vrteckonjice.splet.arnes.si\/index.php?rest_route=\/wp\/v2\/posts\/7397","targetHints":{"allow":["GET"]}}],"collection":[{"href":"https:\/\/vrteckonjice.splet.arnes.si\/index.php?rest_route=\/wp\/v2\/posts"}],"about":[{"href":"https:\/\/vrteckonjice.splet.arnes.si\/index.php?rest_route=\/wp\/v2\/types\/post"}],"author":[{"embeddable":true,"href":"https:\/\/vrteckonjice.splet.arnes.si\/index.php?rest_route=\/wp\/v2\/users\/33573"}],"replies":[{"embeddable":true,"href":"https:\/\/vrteckonjice.splet.arnes.si\/index.php?rest_route=%2Fwp%2Fv2%2Fcomments&post=7397"}],"version-history":[{"count":1,"href":"https:\/\/vrteckonjice.splet.arnes.si\/index.php?rest_route=\/wp\/v2\/posts\/7397\/revisions"}],"predecessor-version":[{"id":7409,"href":"https:\/\/vrteckonjice.splet.arnes.si\/index.php?rest_route=\/wp\/v2\/posts\/7397\/revisions\/7409"}],"wp:attachment":[{"href":"https:\/\/vrteckonjice.splet.arnes.si\/index.php?rest_route=%2Fwp%2Fv2%2Fmedia&parent=7397"}],"wp:term":[{"taxonomy":"category","embeddable":true,"href":"https:\/\/vrteckonjice.splet.arnes.si\/index.php?rest_route=%2Fwp%2Fv2%2Fcategories&post=7397"},{"taxonomy":"post_tag","embeddable":true,"href":"https:\/\/vrteckonjice.splet.arnes.si\/index.php?rest_route=%2Fwp%2Fv2%2Ftags&post=7397"}],"curies":[{"name":"wp","href":"https:\/\/api.w.org\/{rel}","templated":true}]}}